{"id":1024,"date":"2026-08-25T15:38:00","date_gmt":"2026-08-25T18:38:00","guid":{"rendered":"https:\/\/diretodafonte.blog.br\/?p=1024"},"modified":"2026-09-01T01:45:05","modified_gmt":"2026-09-01T04:45:05","slug":"primeira-fabrica-de-curativos-de-pele-tilapia-vai-ser-no-ceara","status":"publish","type":"post","link":"https:\/\/diretodafonte.blog.br\/?p=1024","title":{"rendered":"Primeira f\u00e1brica de curativos de pele til\u00e1pia vai ser no Cear\u00e1"},"content":{"rendered":"\n<p class=\"wp-block-paragraph\">Previs\u00e3o \u00e9 de que a produ\u00e7\u00e3o comece em 2028<\/p>\n\n\n\n<figure class=\"wp-block-image\"><img decoding=\"async\" src=\"https:\/\/imagens.ebc.com.br\/tk1RUmGYCpPE04MbnqDkz7M3PBA=\/1170x700\/smart\/https:\/\/agenciabrasil.ebc.com.br\/sites\/default\/files\/thumbnails\/image\/divulgacao_pmsjp-rdj_2348.jpg?itok=V1BN0mhs\" alt=\"fil\u00e9 de til\u00e1pia\" title=\"Roberto Dziura Jr.\/Secom\/Prefeitura de S\u00e3o Jos\u00e9 dos Pinhais\"\/><figcaption class=\"wp-element-caption\">\u00a9 Roberto Dziura Jr.\/Secom\/Prefeitura de S\u00e3o Jos\u00e9 dos Pinhais<\/figcaption><\/figure>\n\n\n\n<p class=\"wp-block-paragraph\">O&nbsp;<strong>Cear\u00e1<\/strong>&nbsp;vai receber a primeira&nbsp;<strong>f\u00e1brica de curativos<\/strong>&nbsp;feitos a partir de&nbsp;<strong>pele de til\u00e1pia<\/strong>&nbsp;e a mat\u00e9ria-prima vir\u00e1 da pesca realizada no interior do estado.<img decoding=\"async\" src=\"https:\/\/agenciabrasil.ebc.com.br\/ebc.png?id=1700489&amp;o=node\"><img decoding=\"async\" src=\"https:\/\/agenciabrasil.ebc.com.br\/ebc.gif?id=1700489&amp;o=node\"><\/p>\n\n\n\n<p class=\"wp-block-paragraph\">A til\u00e1pia usada para fabricar esses produtos farmac\u00eauticos de alto valor agregado ser\u00e1 fornecida pelos pescadores do&nbsp;<strong>A\u00e7ude Castanh\u00e3o<\/strong>.<\/p>\n\n\n\n<p class=\"wp-block-paragraph\">Os curativos usam tecnologias de liofiliza\u00e7\u00e3o (desidrata\u00e7\u00e3o a frio), al\u00e9m da esteriliza\u00e7\u00e3o por radia\u00e7\u00e3o gama.<\/p>\n\n\n\n<p class=\"wp-block-paragraph\">O material pode ser armazenado em temperatura ambiente sem qualquer tipo de refrigera\u00e7\u00e3o.&nbsp;Na hora de ser aplicado, o curativo \u00e9 reidratado com soro fisiol\u00f3gico.<\/p>\n\n\n\n<p class=\"wp-block-paragraph\">Essa facilidade permite o envio para locais de dif\u00edcil acesso, regi\u00f5es de conflito ou de desastres humanit\u00e1rios. &nbsp;Metade da produ\u00e7\u00e3o ser\u00e1 para exporta\u00e7\u00e3o, em centros hospitalares nas Am\u00e9ricas, Europa e \u00c1sia.<\/p>\n\n\n\n<p class=\"wp-block-paragraph\">A f\u00e1brica no munic\u00edpio de Jaguaribara, cerca de 300 km de fortaleza, ser\u00e1 viabilizada por uma parceria entre o governo estadual e uma empresa privada. O projeto \u00e9 de mais de R$ 52&nbsp;milh\u00f5es pelos pr\u00f3ximos tr\u00eas anos.<\/p>\n\n\n\n<p class=\"wp-block-paragraph\">A partir do in\u00edcio de 2028, a ideia \u00e9 processar inicialmente 180 mil peles por m\u00eas, &nbsp;at\u00e9 alcan\u00e7ar 400&nbsp;mil no final do terceiro ano. O faturamento anual estimado \u00e9 de R$ 58 milh\u00f5es, at\u00e9 R 130 milh\u00f5es, no fim desse per\u00edodo.<\/p>\n\n\n\n<p class=\"wp-block-paragraph\"><\/p>\n","protected":false},"excerpt":{"rendered":"<p>Previs\u00e3o \u00e9 de que a produ\u00e7\u00e3o comece em 2028 O&nbsp;Cear\u00e1&nbsp;vai receber a primeira&nbsp;f\u00e1brica de curativos&nbsp;feitos a partir de&nbsp;pele<\/p>\n","protected":false},"author":1,"featured_media":1025,"comment_status":"open","ping_status":"open","sticky":false,"template":"","format":"standard","meta":{"_monsterinsights_skip_tracking":false,"footnotes":""},"categories":[1],"tags":[],"class_list":["post-1024","post","type-post","status-publish","format-standard","has-post-thumbnail","hentry","category-geral"],"aioseo_notices":[],"_links":{"self":[{"href":"https:\/\/diretodafonte.blog.br\/index.php?rest_route=\/wp\/v2\/posts\/1024","targetHints":{"allow":["GET"]}}],"collection":[{"href":"https:\/\/diretodafonte.blog.br\/index.php?rest_route=\/wp\/v2\/posts"}],"about":[{"href":"https:\/\/diretodafonte.blog.br\/index.php?rest_route=\/wp\/v2\/types\/post"}],"author":[{"embeddable":true,"href":"https:\/\/diretodafonte.blog.br\/index.php?rest_route=\/wp\/v2\/users\/1"}],"replies":[{"embeddable":true,"href":"https:\/\/diretodafonte.blog.br\/index.php?rest_route=%2Fwp%2Fv2%2Fcomments&post=1024"}],"version-history":[{"count":1,"href":"https:\/\/diretodafonte.blog.br\/index.php?rest_route=\/wp\/v2\/posts\/1024\/revisions"}],"predecessor-version":[{"id":1026,"href":"https:\/\/diretodafonte.blog.br\/index.php?rest_route=\/wp\/v2\/posts\/1024\/revisions\/1026"}],"wp:featuredmedia":[{"embeddable":true,"href":"https:\/\/diretodafonte.blog.br\/index.php?rest_route=\/wp\/v2\/media\/1025"}],"wp:attachment":[{"href":"https:\/\/diretodafonte.blog.br\/index.php?rest_route=%2Fwp%2Fv2%2Fmedia&parent=1024"}],"wp:term":[{"taxonomy":"category","embeddable":true,"href":"https:\/\/diretodafonte.blog.br\/index.php?rest_route=%2Fwp%2Fv2%2Fcategories&post=1024"},{"taxonomy":"post_tag","embeddable":true,"href":"https:\/\/diretodafonte.blog.br\/index.php?rest_route=%2Fwp%2Fv2%2Ftags&post=1024"}],"curies":[{"name":"wp","href":"https:\/\/api.w.org\/{rel}","templated":true}]}}