{"id":1027,"date":"2026-08-29T14:43:00","date_gmt":"2026-08-29T17:43:00","guid":{"rendered":"https:\/\/diretodafonte.blog.br\/?p=1027"},"modified":"2026-09-01T01:44:24","modified_gmt":"2026-09-01T04:44:24","slug":"ministerio-da-saude-ouve-a-populacao-sobre-desafios-de-parar-de-fumar","status":"publish","type":"post","link":"https:\/\/diretodafonte.blog.br\/?p=1027","title":{"rendered":"Minist\u00e9rio da Sa\u00fade ouve a popula\u00e7\u00e3o sobre desafios de parar de fumar"},"content":{"rendered":"\n<p class=\"wp-block-paragraph\">Projeto \u00e9 voltado para fumantes, ex-fumantes e familiares.<\/p>\n\n\n\n<figure class=\"wp-block-image\"><img decoding=\"async\" src=\"https:\/\/imagens.ebc.com.br\/bp4SUE1yygAi3Hi4gpfDLeV7P4w=\/1170x700\/smart\/https:\/\/agenciabrasil.ebc.com.br\/sites\/default\/files\/thumbnails\/image\/tobacco-2692246.jpg?itok=XFWmng0x\" alt=\"Consumo mundial de tabaco cai, informa relat\u00f3rio da OMS. Cigarro, fuma\u00e7a, tabaco, fumo. Foto: AbsolutVision\/Pixabay\" title=\"AbsolutVision\/Pixabay\"\/><figcaption class=\"wp-element-caption\">\u00a9 AbsolutVision\/Pixabay<\/figcaption><\/figure>\n\n\n\n<p class=\"wp-block-paragraph\">O Minist\u00e9rio da Sa\u00fade est\u00e1 realizando a a\u00e7\u00e3o &#8220;Conte o que o cigarro n\u00e3o mostra&#8221;, para&nbsp;<strong>ouvir a popula\u00e7\u00e3o sobre os desafios de parar de fumar<\/strong>. O projeto \u00e9 voltado para&nbsp;<strong>fumantes, ex-fumantes, familiares e outras pessoas que convivem com o problema<\/strong>. Os relatos podem abordar temas como os efeitos do consumo do cigarro na rotina, na qualidade de vida e na sa\u00fade, entre outras experi\u00eancias.<img decoding=\"async\" src=\"https:\/\/agenciabrasil.ebc.com.br\/ebc.png?id=1701004&amp;o=node\"><img decoding=\"async\" src=\"https:\/\/agenciabrasil.ebc.com.br\/ebc.gif?id=1701004&amp;o=node\"><\/p>\n\n\n\n<p class=\"wp-block-paragraph\">Para participar, o interessado deve acessar a p\u00e1gina&nbsp;<strong>&#8220;Minha Hist\u00f3ria sem Filtro&#8221;, no Portal da Sa\u00fade, e preencher um formul\u00e1rio, ou acessar um QR code divulgado nas redes sociais do Minist\u00e9rio da Sa\u00fade.&nbsp;<\/strong>A ideia \u00e9 que cada depoimento ajude o poder p\u00fablico a enxergar o tabagismo de uma forma mais ampla e humana, para al\u00e9m dos n\u00fameros. A campanha serve ainda como inspira\u00e7\u00e3o para a produ\u00e7\u00e3o de novas imagens e mensagens que ser\u00e3o utilizadas nas embalagens de cigarros, al\u00e9m de contribuir para o aperfei\u00e7oamento das pol\u00edticas p\u00fablicas de combate ao tabagismo.<\/p>\n\n\n\n<p class=\"wp-block-paragraph\">De acordo com o Minist\u00e9rio da Sa\u00fade, ap\u00f3s quase 20 anos de queda, o n\u00famero de fumantes no Brasil voltou a crescer. Tamb\u00e9m aumentou a busca por apoio e tratamento para parar de fumar nas Unidades B\u00e1sicas de Sa\u00fade do SUS, com mais de&nbsp;<strong>dois milh\u00f5es de pessoas atendidas em 2025<\/strong>. Em 29 de agosto, \u00e9 celebrado o Dia Nacional de Combate ao Fumo. A data \u00e9 um convite \u00e0 reflex\u00e3o sobre o tabagismo, considerado um dos principais problemas evit\u00e1veis para a sa\u00fade p\u00fablica.<\/p>\n","protected":false},"excerpt":{"rendered":"<p>Projeto \u00e9 voltado para fumantes, ex-fumantes e familiares. O Minist\u00e9rio da Sa\u00fade est\u00e1 realizando a a\u00e7\u00e3o &#8220;Conte o<\/p>\n","protected":false},"author":1,"featured_media":1028,"comment_status":"open","ping_status":"open","sticky":false,"template":"","format":"standard","meta":{"_monsterinsights_skip_tracking":false,"footnotes":""},"categories":[13],"tags":[],"class_list":["post-1027","post","type-post","status-publish","format-standard","has-post-thumbnail","hentry","category-saude"],"aioseo_notices":[],"_links":{"self":[{"href":"https:\/\/diretodafonte.blog.br\/index.php?rest_route=\/wp\/v2\/posts\/1027","targetHints":{"allow":["GET"]}}],"collection":[{"href":"https:\/\/diretodafonte.blog.br\/index.php?rest_route=\/wp\/v2\/posts"}],"about":[{"href":"https:\/\/diretodafonte.blog.br\/index.php?rest_route=\/wp\/v2\/types\/post"}],"author":[{"embeddable":true,"href":"https:\/\/diretodafonte.blog.br\/index.php?rest_route=\/wp\/v2\/users\/1"}],"replies":[{"embeddable":true,"href":"https:\/\/diretodafonte.blog.br\/index.php?rest_route=%2Fwp%2Fv2%2Fcomments&post=1027"}],"version-history":[{"count":1,"href":"https:\/\/diretodafonte.blog.br\/index.php?rest_route=\/wp\/v2\/posts\/1027\/revisions"}],"predecessor-version":[{"id":1029,"href":"https:\/\/diretodafonte.blog.br\/index.php?rest_route=\/wp\/v2\/posts\/1027\/revisions\/1029"}],"wp:featuredmedia":[{"embeddable":true,"href":"https:\/\/diretodafonte.blog.br\/index.php?rest_route=\/wp\/v2\/media\/1028"}],"wp:attachment":[{"href":"https:\/\/diretodafonte.blog.br\/index.php?rest_route=%2Fwp%2Fv2%2Fmedia&parent=1027"}],"wp:term":[{"taxonomy":"category","embeddable":true,"href":"https:\/\/diretodafonte.blog.br\/index.php?rest_route=%2Fwp%2Fv2%2Fcategories&post=1027"},{"taxonomy":"post_tag","embeddable":true,"href":"https:\/\/diretodafonte.blog.br\/index.php?rest_route=%2Fwp%2Fv2%2Ftags&post=1027"}],"curies":[{"name":"wp","href":"https:\/\/api.w.org\/{rel}","templated":true}]}}