{"id":1033,"date":"2026-08-27T21:00:00","date_gmt":"2026-08-28T00:00:00","guid":{"rendered":"https:\/\/diretodafonte.blog.br\/?p=1033"},"modified":"2026-09-01T01:49:26","modified_gmt":"2026-09-01T04:49:26","slug":"tse-aprova-envio-de-tropas-federais-para-eleicoes-em-5-estados","status":"publish","type":"post","link":"https:\/\/diretodafonte.blog.br\/?p=1033","title":{"rendered":"TSE aprova envio de tropas federais para elei\u00e7\u00f5es em 5 estados"},"content":{"rendered":"\n<p class=\"wp-block-paragraph\">Refor\u00e7o foi pedido por munic\u00edpios e tem aval dos governos estaduais<\/p>\n\n\n\n<figure class=\"wp-block-image\"><img decoding=\"async\" src=\"https:\/\/imagens.ebc.com.br\/GrDTKUrifxuBGJcbjnPue1W2q_Q=\/1170x700\/smart\/https:\/\/agenciabrasil.ebc.com.br\/sites\/default\/files\/thumbnails\/image\/tropas_do_comando_conjunto_norte_seguranca_eleicoes_20201511202850.jpg?itok=QUtjUEer\" alt=\"Tropas do Comando Conjunto Norte, formado pelo Comando Militar do Norte, 4\u00ba Distrito Naval e Ala 9, nas Elei\u00e7\u00f5es 2020 no Par\u00e1, Amap\u00e1 e Maranh\u00e3o.\" title=\"Ascom Minist\u00e9rio da Defesa\"\/><figcaption class=\"wp-element-caption\">\u00a9 Ascom Minist\u00e9rio da Defesa<\/figcaption><\/figure>\n\n\n\n<p class=\"wp-block-paragraph\">O Tribunal Superior Eleitoral (<strong>TSE<\/strong>) aprovou nesta quinta-feira (27) o envio de&nbsp;<strong>tropas federais<\/strong>&nbsp;para garantir a seguran\u00e7a do primeiro turno das&nbsp;<strong>elei\u00e7\u00f5es<\/strong>&nbsp;de outubro em&nbsp;<strong>cinco estados<\/strong>.<img decoding=\"async\" src=\"https:\/\/agenciabrasil.ebc.com.br\/ebc.png?id=1700873&amp;o=node\"><img decoding=\"async\" src=\"https:\/\/agenciabrasil.ebc.com.br\/ebc.gif?id=1700873&amp;o=node\"><\/p>\n\n\n\n<p class=\"wp-block-paragraph\">As tropas das For\u00e7as Armadas ser\u00e3o enviadas para munic\u00edpios de&nbsp;<strong>Tocantins, Piau\u00ed, Cear\u00e1, Acre e Rio de Janeiro<\/strong>. O TSE ainda vai informar quais cidades v\u00e3o receber os refor\u00e7os.<\/p>\n\n\n\n<p class=\"wp-block-paragraph\">O envio contou com aval dos governos estaduais e foi solicitado pelos tribunais regionais eleitorais.<\/p>\n\n\n\n<p class=\"wp-block-paragraph\">O pedido de tropas ocorre quando um munic\u00edpio informa \u00e0 Justi\u00e7a Eleitoral que n\u00e3o tem capacidade de garantir a normalidade do pleito com o efetivo policial local. O Minist\u00e9rio da Defesa ficar\u00e1 respons\u00e1vel pela log\u00edstica da opera\u00e7\u00e3o.<\/p>\n\n\n\n<p class=\"wp-block-paragraph\">O primeiro turno ser\u00e1 no dia 4 de outubro, quando ser\u00e3o escolhidos deputados federais, estaduais, distritais, governadores, senadores e o presidente da Rep\u00fablica.<\/p>\n\n\n\n<p class=\"wp-block-paragraph\">O segundo turno est\u00e1 marcado para o dia 25, onde houver necessidade.<\/p>\n\n\n\n<p class=\"wp-block-paragraph\">De acordo com o TSE, 158 milh\u00f5es de eleitores estar\u00e3o aptos a exercerem o direito de votar.<\/p>\n","protected":false},"excerpt":{"rendered":"<p>Refor\u00e7o foi pedido por munic\u00edpios e tem aval dos governos estaduais O Tribunal Superior Eleitoral (TSE) aprovou nesta<\/p>\n","protected":false},"author":1,"featured_media":1034,"comment_status":"open","ping_status":"open","sticky":false,"template":"","format":"standard","meta":{"_monsterinsights_skip_tracking":false,"footnotes":""},"categories":[31,8],"tags":[],"class_list":["post-1033","post","type-post","status-publish","format-standard","has-post-thumbnail","hentry","category-justica","category-politica"],"aioseo_notices":[],"_links":{"self":[{"href":"https:\/\/diretodafonte.blog.br\/index.php?rest_route=\/wp\/v2\/posts\/1033","targetHints":{"allow":["GET"]}}],"collection":[{"href":"https:\/\/diretodafonte.blog.br\/index.php?rest_route=\/wp\/v2\/posts"}],"about":[{"href":"https:\/\/diretodafonte.blog.br\/index.php?rest_route=\/wp\/v2\/types\/post"}],"author":[{"embeddable":true,"href":"https:\/\/diretodafonte.blog.br\/index.php?rest_route=\/wp\/v2\/users\/1"}],"replies":[{"embeddable":true,"href":"https:\/\/diretodafonte.blog.br\/index.php?rest_route=%2Fwp%2Fv2%2Fcomments&post=1033"}],"version-history":[{"count":1,"href":"https:\/\/diretodafonte.blog.br\/index.php?rest_route=\/wp\/v2\/posts\/1033\/revisions"}],"predecessor-version":[{"id":1035,"href":"https:\/\/diretodafonte.blog.br\/index.php?rest_route=\/wp\/v2\/posts\/1033\/revisions\/1035"}],"wp:featuredmedia":[{"embeddable":true,"href":"https:\/\/diretodafonte.blog.br\/index.php?rest_route=\/wp\/v2\/media\/1034"}],"wp:attachment":[{"href":"https:\/\/diretodafonte.blog.br\/index.php?rest_route=%2Fwp%2Fv2%2Fmedia&parent=1033"}],"wp:term":[{"taxonomy":"category","embeddable":true,"href":"https:\/\/diretodafonte.blog.br\/index.php?rest_route=%2Fwp%2Fv2%2Fcategories&post=1033"},{"taxonomy":"post_tag","embeddable":true,"href":"https:\/\/diretodafonte.blog.br\/index.php?rest_route=%2Fwp%2Fv2%2Ftags&post=1033"}],"curies":[{"name":"wp","href":"https:\/\/api.w.org\/{rel}","templated":true}]}}