{"id":1036,"date":"2026-08-26T22:49:00","date_gmt":"2026-08-27T01:49:00","guid":{"rendered":"https:\/\/diretodafonte.blog.br\/?p=1036"},"modified":"2026-09-01T01:51:43","modified_gmt":"2026-09-01T04:51:43","slug":"nordeste-registra-alta-no-numero-de-passageiros-em-aeroportos","status":"publish","type":"post","link":"https:\/\/diretodafonte.blog.br\/?p=1036","title":{"rendered":"Nordeste registra alta no n\u00famero de passageiros em aeroportos"},"content":{"rendered":"\n<p class=\"wp-block-paragraph\">Aumento de quase 8% foi verificado entre janeiro e julho deste ano<\/p>\n\n\n\n<figure class=\"wp-block-image\"><img decoding=\"async\" src=\"https:\/\/imagens.ebc.com.br\/48TqEF-yv8zrFtfn51RwCbFaMQw=\/1170x700\/smart\/https:\/\/agenciabrasil.ebc.com.br\/sites\/default\/files\/thumbnails\/image\/aviao_decola_no_aeroporto_de_congonhas_abr_010819196625330.jpg?itok=Xe3Rf6Z3\" alt=\"Avi\u00e3o decola no aeroporto de Congonhas.\" title=\"Rovena Rosa\/Ag\u00eancia Brasil\"\/><figcaption class=\"wp-element-caption\">\u00a9 Rovena Rosa\/Ag\u00eancia Brasil<\/figcaption><\/figure>\n\n\n\n<p class=\"wp-block-paragraph\">O Nordeste registrou um aumento de quase 8% no n\u00famero de passageiros que embarcaram nos aeroportos rumo a diferentes destinos entre janeiro e julho deste ano, na compara\u00e7\u00e3o com o mesmo per\u00edodo de 2025.&nbsp;<strong>Ao todo, foram mais de 12,5 milh\u00f5es de pessoas, de acordo com a Anac, a Ag\u00eancia Nacional de Avia\u00e7\u00e3o Civil.<\/strong>&nbsp;Os dados foram divulgados nesta quarta-feira (26) pelo Minist\u00e9rio de Portos e Aeroportos.<img decoding=\"async\" src=\"https:\/\/agenciabrasil.ebc.com.br\/ebc.png?id=1700715&amp;o=node\"><img decoding=\"async\" src=\"https:\/\/agenciabrasil.ebc.com.br\/ebc.gif?id=1700715&amp;o=node\"><\/p>\n\n\n\n<h3 class=\"wp-block-heading\">Mercado internacional<\/h3>\n\n\n\n<p class=\"wp-block-paragraph\">O destaque foi para o mercado internacional, com&nbsp;<strong>mais de 610 mil passageiros indo para o exterior<\/strong>, contra 482 mil no ano passado, uma alta de quase 27%, o que representa cerca de 130 mil passageiros a mais.<\/p>\n\n\n\n<p class=\"wp-block-paragraph\">Os maiores crescimentos foram registrados no in\u00edcio do ano, com alta de quase 37% em janeiro, representando pouco mais de 112 mil passageiros, e cerca de 38% em fevereiro, com mais de 100 mil passageiros.<\/p>\n\n\n\n<h3 class=\"wp-block-heading\">Movimenta\u00e7\u00e3o dom\u00e9stica<\/h3>\n\n\n\n<p class=\"wp-block-paragraph\">A movimenta\u00e7\u00e3o dom\u00e9stica tamb\u00e9m registrou crescimento no per\u00edodo, com uma&nbsp;<strong>alta de 6,8%<\/strong>. O m\u00eas de maior movimento foi janeiro, com mais de dois milh\u00f5es de passageiros, seguido de julho e fevereiro.<\/p>\n","protected":false},"excerpt":{"rendered":"<p>Aumento de quase 8% foi verificado entre janeiro e julho deste ano O Nordeste registrou um aumento de<\/p>\n","protected":false},"author":1,"featured_media":1037,"comment_status":"open","ping_status":"open","sticky":false,"template":"","format":"standard","meta":{"_monsterinsights_skip_tracking":false,"footnotes":""},"categories":[10],"tags":[],"class_list":["post-1036","post","type-post","status-publish","format-standard","has-post-thumbnail","hentry","category-economia"],"aioseo_notices":[],"_links":{"self":[{"href":"https:\/\/diretodafonte.blog.br\/index.php?rest_route=\/wp\/v2\/posts\/1036","targetHints":{"allow":["GET"]}}],"collection":[{"href":"https:\/\/diretodafonte.blog.br\/index.php?rest_route=\/wp\/v2\/posts"}],"about":[{"href":"https:\/\/diretodafonte.blog.br\/index.php?rest_route=\/wp\/v2\/types\/post"}],"author":[{"embeddable":true,"href":"https:\/\/diretodafonte.blog.br\/index.php?rest_route=\/wp\/v2\/users\/1"}],"replies":[{"embeddable":true,"href":"https:\/\/diretodafonte.blog.br\/index.php?rest_route=%2Fwp%2Fv2%2Fcomments&post=1036"}],"version-history":[{"count":1,"href":"https:\/\/diretodafonte.blog.br\/index.php?rest_route=\/wp\/v2\/posts\/1036\/revisions"}],"predecessor-version":[{"id":1038,"href":"https:\/\/diretodafonte.blog.br\/index.php?rest_route=\/wp\/v2\/posts\/1036\/revisions\/1038"}],"wp:featuredmedia":[{"embeddable":true,"href":"https:\/\/diretodafonte.blog.br\/index.php?rest_route=\/wp\/v2\/media\/1037"}],"wp:attachment":[{"href":"https:\/\/diretodafonte.blog.br\/index.php?rest_route=%2Fwp%2Fv2%2Fmedia&parent=1036"}],"wp:term":[{"taxonomy":"category","embeddable":true,"href":"https:\/\/diretodafonte.blog.br\/index.php?rest_route=%2Fwp%2Fv2%2Fcategories&post=1036"},{"taxonomy":"post_tag","embeddable":true,"href":"https:\/\/diretodafonte.blog.br\/index.php?rest_route=%2Fwp%2Fv2%2Ftags&post=1036"}],"curies":[{"name":"wp","href":"https:\/\/api.w.org\/{rel}","templated":true}]}}