{"id":1039,"date":"2026-08-23T14:53:00","date_gmt":"2026-08-23T17:53:00","guid":{"rendered":"https:\/\/diretodafonte.blog.br\/?p=1039"},"modified":"2026-09-01T01:57:48","modified_gmt":"2026-09-01T04:57:48","slug":"primeiro-debate-entre-presidenciaveis-acontece-neste-domingo","status":"publish","type":"post","link":"https:\/\/diretodafonte.blog.br\/?p=1039","title":{"rendered":"Primeiro debate entre presidenci\u00e1veis acontece neste domingo"},"content":{"rendered":"\n<p class=\"wp-block-paragraph\">Encontro acontece \u00e0s 20h e ser\u00e1 transmitido pela Band TV<\/p>\n\n\n\n<figure class=\"wp-block-image\"><img decoding=\"async\" src=\"https:\/\/imagens.ebc.com.br\/HjGlrxO1gWbkOsp6e3f5ak7CTeE=\/1170x700\/smart\/https:\/\/agenciabrasil.ebc.com.br\/sites\/default\/files\/thumbnails\/image\/2026\/08\/03\/_d6a4562.jpg?itok=othDLkCA\" alt=\"Rio de Janeiro (RJ), 03\/08\/2026 \u2013 O Tribunal Regional Eleitoral apresenta a estrutura e demonstra testes da urna eletr\u00f4nica para as Elei\u00e7\u00f5es de 2026. Foto: Fernando Fraz\u00e3o\/Ag\u00eancia Brasil\" title=\"Fernando Fraz\u00e3o\/Ag\u00eancia Brasil\"\/><figcaption class=\"wp-element-caption\">\u00a9 Fernando Fraz\u00e3o\/Ag\u00eancia Brasil<\/figcaption><\/figure>\n\n\n\n<p class=\"wp-block-paragraph\">Neste domingo (23)&nbsp; acontece o primeiro&nbsp;<strong>debate<\/strong>, na televis\u00e3o aberta, entre os&nbsp;<strong>candidatos \u00e0 Presid\u00eancia da Rep\u00fablica<\/strong>.&nbsp; O encontro est\u00e1 marcado para as 20he e ser\u00e1 transmitido pela Band e pelas emissoras que integram o pool de ve\u00edculos.<img decoding=\"async\" src=\"https:\/\/agenciabrasil.ebc.com.br\/ebc.png?id=1700420&amp;o=node\"><img decoding=\"async\" src=\"https:\/\/agenciabrasil.ebc.com.br\/ebc.gif?id=1700420&amp;o=node\"><\/p>\n\n\n\n<p class=\"wp-block-paragraph\">Antes do debate, alguns candidatos t\u00eam compromissos de campanha agendados para o dia.<\/p>\n\n\n\n<p class=\"wp-block-paragraph\"><strong>Augusto Cury<\/strong>, do Avante, participa de um culto religioso na zona Sul de S\u00e3o Paulo.<\/p>\n\n\n\n<p class=\"wp-block-paragraph\">J\u00e1&nbsp;<strong>Hertz Dias<\/strong>, do PSTU, participa, \u00e0 tarde, de ato em comemora\u00e7\u00e3o aos 13 anos da Ocupa\u00e7\u00e3o Esperan\u00e7a, em Osasco (SP).<\/p>\n\n\n\n<p class=\"wp-block-paragraph\">A candidata&nbsp;&nbsp;<strong>Samara Martins<\/strong>, do Unidade Popular, concede entrevista \u00e0 tarde na Casa da Mulher Preta Simoa e, depois, participa de ato no Parque Raquel de Queiroz, em Fortaleza (CE).<\/p>\n\n\n\n<p class=\"wp-block-paragraph\"><strong>Wilson Grassi<\/strong>, do Democrata, tem reuni\u00f5es de trabalho sobre propostas do plano de governo.<\/p>\n\n\n\n<p class=\"wp-block-paragraph\">Enquanto&nbsp;<strong>Edmilson Costa<\/strong>, do PCB,&nbsp;&nbsp;<strong>Renan Santos<\/strong>, do Miss\u00e3o,&nbsp;<strong>Romeu Zema<\/strong>, do Novo, e&nbsp;<strong>Ronaldo Caiado<\/strong>, do PSD, t\u00eam na agenda apenas a participa\u00e7\u00e3o no debate da Band.<\/p>\n\n\n\n<p class=\"wp-block-paragraph\">J\u00e1&nbsp;<strong>Clariana Bar\u00e3o<\/strong>, do Democracia Crist\u00e3,&nbsp;&nbsp;<strong>Fl\u00e1vio Bolsonaro<\/strong>, do PL,&nbsp; e&nbsp;<strong>Luiz In\u00e1cio Lula da Silva<\/strong>, do PT,&nbsp; n\u00e3o t\u00eam compromissos oficiais neste domingo.<\/p>\n\n\n\n<p class=\"wp-block-paragraph\"><strong>Rui Costa Pimenta<\/strong>, do PCO, n\u00e3o divulgou agenda.<\/p>\n\n\n\n<p class=\"wp-block-paragraph\">Por determina\u00e7\u00e3o do Tribunal Superior Eleitoral, o candidato&nbsp;<strong>Pablo Mar\u00e7al<\/strong>, do PRTB, est\u00e1 proibido de fazer campanha e de comparecer a debates<\/p>\n","protected":false},"excerpt":{"rendered":"<p>Encontro acontece \u00e0s 20h e ser\u00e1 transmitido pela Band TV Neste domingo (23)&nbsp; acontece o primeiro&nbsp;debate, na televis\u00e3o<\/p>\n","protected":false},"author":1,"featured_media":1040,"comment_status":"open","ping_status":"open","sticky":false,"template":"","format":"standard","meta":{"_monsterinsights_skip_tracking":false,"footnotes":""},"categories":[8],"tags":[],"class_list":["post-1039","post","type-post","status-publish","format-standard","has-post-thumbnail","hentry","category-politica"],"aioseo_notices":[],"_links":{"self":[{"href":"https:\/\/diretodafonte.blog.br\/index.php?rest_route=\/wp\/v2\/posts\/1039","targetHints":{"allow":["GET"]}}],"collection":[{"href":"https:\/\/diretodafonte.blog.br\/index.php?rest_route=\/wp\/v2\/posts"}],"about":[{"href":"https:\/\/diretodafonte.blog.br\/index.php?rest_route=\/wp\/v2\/types\/post"}],"author":[{"embeddable":true,"href":"https:\/\/diretodafonte.blog.br\/index.php?rest_route=\/wp\/v2\/users\/1"}],"replies":[{"embeddable":true,"href":"https:\/\/diretodafonte.blog.br\/index.php?rest_route=%2Fwp%2Fv2%2Fcomments&post=1039"}],"version-history":[{"count":1,"href":"https:\/\/diretodafonte.blog.br\/index.php?rest_route=\/wp\/v2\/posts\/1039\/revisions"}],"predecessor-version":[{"id":1041,"href":"https:\/\/diretodafonte.blog.br\/index.php?rest_route=\/wp\/v2\/posts\/1039\/revisions\/1041"}],"wp:featuredmedia":[{"embeddable":true,"href":"https:\/\/diretodafonte.blog.br\/index.php?rest_route=\/wp\/v2\/media\/1040"}],"wp:attachment":[{"href":"https:\/\/diretodafonte.blog.br\/index.php?rest_route=%2Fwp%2Fv2%2Fmedia&parent=1039"}],"wp:term":[{"taxonomy":"category","embeddable":true,"href":"https:\/\/diretodafonte.blog.br\/index.php?rest_route=%2Fwp%2Fv2%2Fcategories&post=1039"},{"taxonomy":"post_tag","embeddable":true,"href":"https:\/\/diretodafonte.blog.br\/index.php?rest_route=%2Fwp%2Fv2%2Ftags&post=1039"}],"curies":[{"name":"wp","href":"https:\/\/api.w.org\/{rel}","templated":true}]}}