{"id":1042,"date":"2026-08-22T09:57:00","date_gmt":"2026-08-22T12:57:00","guid":{"rendered":"https:\/\/diretodafonte.blog.br\/?p=1042"},"modified":"2026-09-01T01:59:47","modified_gmt":"2026-09-01T04:59:47","slug":"debates-em-tv-entram-no-foco-dos-candidatos-a-presidencia-da-republica","status":"publish","type":"post","link":"https:\/\/diretodafonte.blog.br\/?p=1042","title":{"rendered":"Debates em TV entram no foco dos candidatos \u00e0 Presid\u00eancia da Rep\u00fablica"},"content":{"rendered":"\n<p class=\"wp-block-paragraph\">Candidatas que n\u00e3o foram convidadas a participar questionam crit\u00e9rios<\/p>\n\n\n\n<figure class=\"wp-block-image\"><img decoding=\"async\" src=\"https:\/\/imagens.ebc.com.br\/zA5Bt9J66bjw_85ZTcnfZUphD4o=\/1170x700\/smart\/https:\/\/agenciabrasil.ebc.com.br\/sites\/default\/files\/thumbnails\/image\/2026\/08\/21\/55478052382_b599fa1027_6k-1.jpg?itok=9qhsLm4t\" alt=\"20\/08\/2026 - Bras\u00edlia - TSE acompanha lacra\u00e7\u00e3o das urnas para elei\u00e7\u00e3o simulada no Maranh\u00e3o, Urna Eletr\u00f4nica . \nFoto: Luiz Roberto\/TSE\" title=\"Luiz Roberto\/TSE\"\/><figcaption class=\"wp-element-caption\">\u00a9 Luiz Roberto\/TSE<\/figcaption><\/figure>\n\n\n\n<p class=\"wp-block-paragraph\">A participa\u00e7\u00e3o em futuros&nbsp;<strong>debates eleitorais<\/strong>&nbsp;na televis\u00e3o foi um dos destaques das falas dos candidatos \u00e0 Presid\u00eancia da Rep\u00fablica nesta sexta-feira (21).<img decoding=\"async\" src=\"https:\/\/agenciabrasil.ebc.com.br\/ebc.png?id=1700363&amp;o=node\"><img decoding=\"async\" src=\"https:\/\/agenciabrasil.ebc.com.br\/ebc.gif?id=1700363&amp;o=node\"><\/p>\n\n\n\n<p class=\"wp-block-paragraph\">O partido Democracia Crist\u00e3 entrou com um pedido de liminar junto ao Tribunal Superior Eleitoral para que a candidata&nbsp;<strong>Clariana Bar\u00e3o<\/strong>&nbsp;participe do debate promovido pela TV Bandeirantes no pr\u00f3ximo domingo.<\/p>\n\n\n\n<p class=\"wp-block-paragraph\">A legenda alega que a emissora n\u00e3o convidou nenhuma mulher presidenci\u00e1vel, deixando de fora tamb\u00e9m&nbsp;<strong>Samara Martins&nbsp;<\/strong>(Unidade Popular). Para o partido, trata-se de desigualdade de g\u00eanero.<\/p>\n\n\n\n<p class=\"wp-block-paragraph\">Ambas as candidatas n\u00e3o t\u00eam direito legal a participar de debates porque seus partidos n\u00e3o elegeram o m\u00ednimo de cinco parlamentares em 2022.<\/p>\n\n\n\n<p class=\"wp-block-paragraph\">Apesar disso, o Democracia Crist\u00e3 ressalta que outros dois candidatos sem representa\u00e7\u00e3o m\u00ednima foram convidados, caso de Renan Santos (Miss\u00e3o)&nbsp;e Romeu Zema (Novo).<\/p>\n\n\n\n<p class=\"wp-block-paragraph\">Nesta sexta-feira,&nbsp;Clariana Bar\u00e3o, participou de ato de campanha com aliados na pra\u00e7a Marechal Rondon, em Cuiab\u00e1.<\/p>\n\n\n\n<p class=\"wp-block-paragraph\"><strong>Ronaldo Caiado<\/strong>&nbsp;(PSD) criticou os advers\u00e1rios que n\u00e3o confirmaram presen\u00e7a em debates promovidos por emissoras de televis\u00e3o. Para ele, como o voto \u00e9 obrigat\u00f3rio, a presen\u00e7a dos presidenci\u00e1veis nesses eventos deveria ser obrigat\u00f3ria, especialmente neste momento, avaliado por ele, como um dos mais cr\u00edticos para a economia do pa\u00eds.<\/p>\n\n\n\n<p class=\"wp-block-paragraph\">A declara\u00e7\u00e3o foi durante visita ao Mercado Municipal de S\u00e3o Paulo. Caiado tamb\u00e9m participou de evento no Sindicato Rural da Alta Noroeste, em Ara\u00e7atuba (SP).<\/p>\n\n\n\n<p class=\"wp-block-paragraph\"><strong>Hertz Dias&nbsp;<\/strong>(PSTU)&nbsp;continuou em campanha em Minas Gerais, dessa vez em Congonhas, onde realizou ato na Companhia Sider\u00fargica Nacional e defendeu a reestatiza\u00e7\u00e3o de empresas que passaram para iniciativa privada.<\/p>\n\n\n\n<blockquote class=\"wp-block-quote is-layout-flow wp-block-quote-is-layout-flow\">\n<p class=\"wp-block-paragraph\">&#8220;A gente est\u00e1 defendendo a reestatiza\u00e7\u00e3o de todas as empresas estrat\u00e9gicas para destravar o desenvolvimento socioecon\u00f4mico do pa\u00eds. Tem que reestatizar e colocar sob o controle dos trabalhadores&nbsp;&nbsp;a CSN, a&nbsp;Vale, a Eletrobras e outras empresas que s\u00e3o muito importantes para que esse pa\u00eds possa destravar o seu processo de desindustrializa\u00e7\u00e3o&#8221;. &nbsp;<\/p>\n<\/blockquote>\n\n\n\n<p class=\"wp-block-paragraph\"><strong>Fl\u00e1vio Bolsonaro<\/strong>&nbsp;{PL}&nbsp;participou de com\u00edcio em Nova Igua\u00e7u (RJ) e de carreata em Duque de Caxias (RJ). O candidato prometeu recuperar a economia e devolver o poder de compra \u00e0s fam\u00edlias brasileiras. Disse ainda que, se eleito, vai declarar guerra \u00e0s organiza\u00e7\u00f5es criminosas que atuam no pa\u00eds.<\/p>\n\n\n\n<p class=\"wp-block-paragraph\"><strong>Samara Martins&nbsp;<\/strong>(UP}&nbsp;participou de debate com estudantes da UFMG, de ato em alus\u00e3o ao Dia da Habita\u00e7\u00e3o e de encontro com jovens na Ocupa\u00e7\u00e3o Maria do Arraial, em Belo Horizonte. A candidata afirmou que, se eleita, vai atuar para garantir moradia a quem mais precisa.&nbsp;<\/p>\n\n\n\n<blockquote class=\"wp-block-quote is-layout-flow wp-block-quote-is-layout-flow\">\n<p class=\"wp-block-paragraph\">&#8220;Morar passou a ser um privil\u00e9gio e n\u00f3s lutamos&nbsp;por um direito constituicoional.&nbsp;&nbsp;A especula\u00e7\u00e3o imobili\u00e1ria \u00e9 um crime. O piores criminosos s\u00e3o esses que&nbsp; deixam os terrenos abandonados e n\u00e3o [d\u00e3o para] as fam\u00edlias&nbsp; que d\u00e3o fun\u00e7\u00e3o social para esses espa\u00e7os, para garantir moradia para quem n\u00e3o tem condi\u00e7\u00e3o de comprar&#8221;.<\/p>\n<\/blockquote>\n\n\n\n<p class=\"wp-block-paragraph\"><strong>Romeu Zema<\/strong>&nbsp;(Novo), esteve na Rua 25 de Mar\u00e7o, em S\u00e3o Paulo, centro comercial citado pelos Estados Unidos como prejudicial a empresas americanas. Perguntado como pretende se relacionar com a Casa Branca nas rela\u00e7\u00f5es comerciais, Zema afirmou que, al\u00e9m de mostrar o potencial do pa\u00eds, vai negociar at\u00e9 solucionar quest\u00f5es como o tarifa\u00e7o.<\/p>\n\n\n\n<p class=\"wp-block-paragraph\"><strong>Lula&nbsp;<\/strong>(PT)&nbsp;participa de ato de campanha&nbsp; em Belo Horizonte, na Pra\u00e7a da Esta\u00e7\u00e3o, no centro.<\/p>\n\n\n\n<p class=\"wp-block-paragraph\"><strong>Edmilson Costa&nbsp;&nbsp;<\/strong>(PCB)&nbsp;participa de encontro promovido pelo deputado federal Glauber Braga (PSOL)&nbsp;com jovens na Lapa, no Rio de Janeiro.<\/p>\n\n\n\n<p class=\"wp-block-paragraph\"><strong>Augusto Cury&nbsp;<\/strong>(Avante)&nbsp;esteve no Instituto Presbiteriano Mackenzie, em S\u00e3o Paulo, onde participou de um debate promovido pela Associa\u00e7\u00e3o Nacional de Magistrados Evang\u00e9licos.<\/p>\n\n\n\n<p class=\"wp-block-paragraph\">Durante a fala, o candidato focou em sua \u00e1rea de atua\u00e7\u00e3o como psiquiatra, destacando temas ligados \u00e0 sa\u00fade mental, como a &#8220;gest\u00e3o da emo\u00e7\u00e3o&#8221;.<\/p>\n\n\n\n<p class=\"wp-block-paragraph\">Em Macei\u00f3,&nbsp;<strong>Renan Santos<\/strong>&nbsp;visitou a favela do Munda\u00fa e conheceu o trabalho de moradoras que atuam no resgate de animais abandonados. O candidato gravou v\u00eddeo incentivando a ado\u00e7\u00e3o dos animais, e incentivou o trabalho volunt\u00e1rio.<\/p>\n\n\n\n<p class=\"wp-block-paragraph\"><strong>Rui Costa Pimenta<\/strong>&nbsp;(PCO) est\u00e1 em Bras\u00edlia e prepara ato de lan\u00e7amento de candidaturas pela legenda.<\/p>\n\n\n\n<p class=\"wp-block-paragraph\"><strong>Wilson Grassi&nbsp;<\/strong>(Democrata) realizou sess\u00e3o de fotos e teve reuni\u00e3o com equipe de marketing.<\/p>\n\n\n\n<p class=\"wp-block-paragraph\"><strong>Pablo Mar\u00e7al&nbsp;<\/strong>{PRTB&nbsp;est\u00e1 impedido pela Justi\u00e7a Eleitoral de participar de debates at\u00e9 an\u00e1lise do registro de sua candidatura.<\/p>\n","protected":false},"excerpt":{"rendered":"<p>Candidatas que n\u00e3o foram convidadas a participar questionam crit\u00e9rios A participa\u00e7\u00e3o em futuros&nbsp;debates eleitorais&nbsp;na televis\u00e3o foi um dos<\/p>\n","protected":false},"author":1,"featured_media":1043,"comment_status":"open","ping_status":"open","sticky":false,"template":"","format":"standard","meta":{"_monsterinsights_skip_tracking":false,"footnotes":""},"categories":[8],"tags":[],"class_list":["post-1042","post","type-post","status-publish","format-standard","has-post-thumbnail","hentry","category-politica"],"aioseo_notices":[],"_links":{"self":[{"href":"https:\/\/diretodafonte.blog.br\/index.php?rest_route=\/wp\/v2\/posts\/1042","targetHints":{"allow":["GET"]}}],"collection":[{"href":"https:\/\/diretodafonte.blog.br\/index.php?rest_route=\/wp\/v2\/posts"}],"about":[{"href":"https:\/\/diretodafonte.blog.br\/index.php?rest_route=\/wp\/v2\/types\/post"}],"author":[{"embeddable":true,"href":"https:\/\/diretodafonte.blog.br\/index.php?rest_route=\/wp\/v2\/users\/1"}],"replies":[{"embeddable":true,"href":"https:\/\/diretodafonte.blog.br\/index.php?rest_route=%2Fwp%2Fv2%2Fcomments&post=1042"}],"version-history":[{"count":1,"href":"https:\/\/diretodafonte.blog.br\/index.php?rest_route=\/wp\/v2\/posts\/1042\/revisions"}],"predecessor-version":[{"id":1044,"href":"https:\/\/diretodafonte.blog.br\/index.php?rest_route=\/wp\/v2\/posts\/1042\/revisions\/1044"}],"wp:featuredmedia":[{"embeddable":true,"href":"https:\/\/diretodafonte.blog.br\/index.php?rest_route=\/wp\/v2\/media\/1043"}],"wp:attachment":[{"href":"https:\/\/diretodafonte.blog.br\/index.php?rest_route=%2Fwp%2Fv2%2Fmedia&parent=1042"}],"wp:term":[{"taxonomy":"category","embeddable":true,"href":"https:\/\/diretodafonte.blog.br\/index.php?rest_route=%2Fwp%2Fv2%2Fcategories&post=1042"},{"taxonomy":"post_tag","embeddable":true,"href":"https:\/\/diretodafonte.blog.br\/index.php?rest_route=%2Fwp%2Fv2%2Ftags&post=1042"}],"curies":[{"name":"wp","href":"https:\/\/api.w.org\/{rel}","templated":true}]}}