{"id":1048,"date":"2026-08-20T20:07:00","date_gmt":"2026-08-20T23:07:00","guid":{"rendered":"https:\/\/diretodafonte.blog.br\/?p=1048"},"modified":"2026-09-01T02:05:03","modified_gmt":"2026-09-01T05:05:03","slug":"numero-de-casos-de-srag-segue-em-queda-na-maior-parte-do-pais","status":"publish","type":"post","link":"https:\/\/diretodafonte.blog.br\/?p=1048","title":{"rendered":"N\u00famero de casos de SRAG segue em queda na maior parte do pa\u00eds"},"content":{"rendered":"\n<p class=\"wp-block-paragraph\">Dados s\u00e3o do Boletim InfoGripe, da Fiocruz, divulgados nesta quinta<\/p>\n\n\n\n<figure class=\"wp-block-image\"><img decoding=\"async\" src=\"https:\/\/imagens.ebc.com.br\/ng5-D1N1UL5u5E7smDPODQCftZ0=\/1170x700\/smart\/https:\/\/agenciabrasil.ebc.com.br\/sites\/default\/files\/thumbnails\/image\/_radiografia_de_torax_coronaviruscovid-19_hospital_sao_paulo1205200325.jpg?itok=CXoLOF_E\" alt=\"A doutora Luciana Souza compara duas radiografias de t\u00f3rax diferentes de um paciente enquanto conversa com um colega de um hospital de campanha criado para tratar pacientes que sofrem da doen\u00e7a de coronav\u00edrus (COVID-19) em Guarulhos, S\u00e3o Paulo\" title=\"REUTERS \/ Amanda Perobelli\/Proibida reprodu\u00e7\u00e3o\"\/><figcaption class=\"wp-element-caption\">\u00a9 REUTERS \/ Amanda Perobelli\/Proibida reprodu\u00e7\u00e3o<\/figcaption><\/figure>\n\n\n\n<p class=\"wp-block-paragraph\">O n\u00famero de casos de s\u00edndrome respirat\u00f3ria aguda grave (SRAG) segue em queda, nas \u00faltimas semanas, em quase todo o pa\u00eds. \u00c9 o que aponta o Boletim InfoGripe, da Fiocruz, divulgado nesta quinta-feira (20).<img decoding=\"async\" src=\"https:\/\/agenciabrasil.ebc.com.br\/ebc.png?id=1700246&amp;o=node\"><img decoding=\"async\" src=\"https:\/\/agenciabrasil.ebc.com.br\/ebc.gif?id=1700246&amp;o=node\"><\/p>\n\n\n\n<p class=\"wp-block-paragraph\"><strong>De acordo com o levantamento, a redu\u00e7\u00e3o ocorre em todas as faixas et\u00e1rias.<\/strong>&nbsp;Em crian\u00e7as de at\u00e9 4 anos, \u00e9 impulsionada principalmente pela diminui\u00e7\u00e3o das hospitaliza\u00e7\u00f5es por VSR, v\u00edrus sincicial respirat\u00f3rio. Entre crian\u00e7as e adolescentes de 5 a 14 anos, a queda ocorre devido \u00e0 diminui\u00e7\u00e3o dos casos graves por rinov\u00edrus. Na popula\u00e7\u00e3o de 15 a 49 anos, houve queda nas hospitaliza\u00e7\u00f5es por influenza A e B e, entre os idosos, por influenza A.<\/p>\n\n\n\n<p class=\"wp-block-paragraph\">O coordenador do InfoGripe,&nbsp;<strong>Leonardo Bastos<\/strong>, explica que a queda est\u00e1 relacionada ao per\u00edodo sazonal dos v\u00edrus respirat\u00f3rios:<\/p>\n\n\n\n<blockquote class=\"wp-block-quote is-layout-flow wp-block-quote-is-layout-flow\">\n<p class=\"wp-block-paragraph\">&#8220;As doen\u00e7as respirat\u00f3rias s\u00e3o sazonais. Ent\u00e3o, n\u00f3s estamos no fim de um per\u00edodo sazonal das doen\u00e7as respirat\u00f3rias. Est\u00e1 passando esse per\u00edodo, ent\u00e3o os casos est\u00e3o caindo. Em v\u00e1rios lugares ainda n\u00e3o ca\u00edram totalmente, e s\u00e3o muitos v\u00edrus agindo juntos: v\u00edrus sincicial respirat\u00f3rio, influenza, outros v\u00edrus respirat\u00f3rios n\u00e3o testados, mas eles acontecem nos per\u00edodos mais frios.&#8221;<\/p>\n<\/blockquote>\n\n\n\n<p class=\"wp-block-paragraph\">O levantamento aponta ainda que, em rela\u00e7\u00e3o \u00e0 covid-19, o n\u00famero de casos semanais est\u00e1 em um patamar baixo de incid\u00eancia.<\/p>\n\n\n\n<p class=\"wp-block-paragraph\"><strong>Nas quatro \u00faltimas semanas, a menor ocorr\u00eancia de casos positivos de infec\u00e7\u00f5es respirat\u00f3rias graves foi por influenza A, com cerca de 5%. J\u00e1 a maior foi por rinov\u00edrus, com mais de 32%.<\/strong>&nbsp;<strong>Segundo o boletim, apenas os estados de Rond\u00f4nia, Piau\u00ed, Bahia e Sergipe apresentam leve sinal de crescimento nos casos.<\/strong><\/p>\n\n\n\n<p class=\"wp-block-paragraph\">Leonardo Bastos lembra ainda que a&nbsp;<strong>vacina \u00e9 a principal forma de preven\u00e7\u00e3o<\/strong>&nbsp;contra casos graves e \u00f3bitos pelos principais v\u00edrus que causam a s\u00edndrome, e que os grupos de risco devem se vacinar na&nbsp;<strong>Campanha de Multivacina\u00e7\u00e3o 2026<\/strong>, que vai at\u00e9 o dia 1\u00ba de setembro.<\/p>\n\n\n\n<blockquote class=\"wp-block-quote is-layout-flow wp-block-quote-is-layout-flow\">\n<p class=\"wp-block-paragraph\">&#8220;\u00c9 sempre importante que, para as doen\u00e7as que t\u00eam vacina\u00e7\u00e3o \u2014 covid, influenza, o v\u00edrus sincicial respirat\u00f3rio \u2014, se voc\u00ea faz parte de algum grupo de risco ou de algum grupo que \u00e9 eleg\u00edvel para tomar a vacina, tome, porque essas vacinas s\u00e3o importantes; \u00e9 importante estar em dia.&#8221;<\/p>\n<\/blockquote>\n\n\n\n<p class=\"wp-block-paragraph\"><strong>No pr\u00f3ximo s\u00e1bado (22), ser\u00e1 realizado o Dia D nacional da campanha, com refor\u00e7o na imuniza\u00e7\u00e3o em todo o Brasil.<\/strong><\/p>\n\n\n\n<p class=\"wp-block-paragraph\">Em 2026 j\u00e1 foram notificados mais de 137 mil casos de s\u00edndrome respirat\u00f3ria aguda grave. A mortalidade \u00e9 maior entre os idosos, principalmente por influenza A, seguida por rinov\u00edrus.<\/p>\n\n\n\n<p class=\"wp-block-paragraph\"><\/p>\n","protected":false},"excerpt":{"rendered":"<p>Dados s\u00e3o do Boletim InfoGripe, da Fiocruz, divulgados nesta quinta O n\u00famero de casos de s\u00edndrome respirat\u00f3ria aguda<\/p>\n","protected":false},"author":1,"featured_media":1049,"comment_status":"open","ping_status":"open","sticky":false,"template":"","format":"standard","meta":{"_monsterinsights_skip_tracking":false,"footnotes":""},"categories":[13],"tags":[],"class_list":["post-1048","post","type-post","status-publish","format-standard","has-post-thumbnail","hentry","category-saude"],"aioseo_notices":[],"_links":{"self":[{"href":"https:\/\/diretodafonte.blog.br\/index.php?rest_route=\/wp\/v2\/posts\/1048","targetHints":{"allow":["GET"]}}],"collection":[{"href":"https:\/\/diretodafonte.blog.br\/index.php?rest_route=\/wp\/v2\/posts"}],"about":[{"href":"https:\/\/diretodafonte.blog.br\/index.php?rest_route=\/wp\/v2\/types\/post"}],"author":[{"embeddable":true,"href":"https:\/\/diretodafonte.blog.br\/index.php?rest_route=\/wp\/v2\/users\/1"}],"replies":[{"embeddable":true,"href":"https:\/\/diretodafonte.blog.br\/index.php?rest_route=%2Fwp%2Fv2%2Fcomments&post=1048"}],"version-history":[{"count":1,"href":"https:\/\/diretodafonte.blog.br\/index.php?rest_route=\/wp\/v2\/posts\/1048\/revisions"}],"predecessor-version":[{"id":1050,"href":"https:\/\/diretodafonte.blog.br\/index.php?rest_route=\/wp\/v2\/posts\/1048\/revisions\/1050"}],"wp:featuredmedia":[{"embeddable":true,"href":"https:\/\/diretodafonte.blog.br\/index.php?rest_route=\/wp\/v2\/media\/1049"}],"wp:attachment":[{"href":"https:\/\/diretodafonte.blog.br\/index.php?rest_route=%2Fwp%2Fv2%2Fmedia&parent=1048"}],"wp:term":[{"taxonomy":"category","embeddable":true,"href":"https:\/\/diretodafonte.blog.br\/index.php?rest_route=%2Fwp%2Fv2%2Fcategories&post=1048"},{"taxonomy":"post_tag","embeddable":true,"href":"https:\/\/diretodafonte.blog.br\/index.php?rest_route=%2Fwp%2Fv2%2Ftags&post=1048"}],"curies":[{"name":"wp","href":"https:\/\/api.w.org\/{rel}","templated":true}]}}